{"id":292,"count":1,"description":"","link":"https:\/\/architecture-awards-agenda.ca\/fr\/event-organizer\/52-federation-milieux-documentaires-qc\/","name":"F\u00e9d\u00e9ration des milieux documentaires du Qu\u00e9bec","slug":"52-federation-milieux-documentaires-qc","taxonomy":"event_organizer","meta":[],"acf":[],"evo_org_img":"https:\/\/architecture-awards-agenda.ca\/wp-content\/uploads\/2019\/08\/FEDERATION_MILIEU_DOC.jpg","evcal_org_exlink":"https:\/\/fmdoc.org\/","_links":{"self":[{"href":"https:\/\/architecture-awards-agenda.ca\/fr\/wp-json\/wp\/v2\/event_organizer\/292"}],"collection":[{"href":"https:\/\/architecture-awards-agenda.ca\/fr\/wp-json\/wp\/v2\/event_organizer"}],"about":[{"href":"https:\/\/architecture-awards-agenda.ca\/fr\/wp-json\/wp\/v2\/taxonomies\/event_organizer"}],"wp:post_type":[{"href":"https:\/\/architecture-awards-agenda.ca\/fr\/wp-json\/wp\/v2\/ajde_events?event_organizer=292"}],"curies":[{"name":"wp","href":"https:\/\/api.w.org\/{rel}","templated":true}]}}